{"id":105,"date":"2025-08-01T15:14:47","date_gmt":"2025-08-01T15:14:47","guid":{"rendered":"https:\/\/musicaxd.com.es\/?p=105"},"modified":"2025-08-11T15:17:11","modified_gmt":"2025-08-11T15:17:11","slug":"unhas-esbranquicadas-causas-tratamentos-e-prevencao","status":"publish","type":"post","link":"https:\/\/musicaxd.com.es\/index.php\/2025\/08\/01\/unhas-esbranquicadas-causas-tratamentos-e-prevencao\/","title":{"rendered":"Unhas Esbranqui\u00e7adas: Causas, Tratamentos e Preven\u00e7\u00e3o"},"content":{"rendered":"\n<h2 class=\"wp-block-heading\"><strong>Introdu\u00e7\u00e3o<\/strong><\/h2>\n\n\n\n<p>Na <strong>Cl\u00ednica Leilane Catricala<\/strong>, muitos pacientes chegam preocupados ao notar altera\u00e7\u00f5es na cor das unhas. Entre as queixas mais comuns est\u00e3o as<a href=\"https:\/\/clinicaleilanecatricala.com.br\/blog\/220\/unhas-esbranquicadas-o-que-pode-ser-e-como-cuida\"> <strong>unhas esbranqui\u00e7adas<\/strong><\/a>, que podem surgir de forma s\u00fabita ou gradual. Embora, em alguns casos, sejam altera\u00e7\u00f5es simples e tempor\u00e1rias, tamb\u00e9m podem indicar problemas de sa\u00fade que merecem aten\u00e7\u00e3o. Por isso, entender as causas, identificar os sinais e buscar tratamento adequado \u00e9 fundamental para manter a sa\u00fade e a est\u00e9tica das unhas.<\/p>\n\n\n\n<hr class=\"wp-block-separator has-alpha-channel-opacity\"\/>\n\n\n\n<h2 class=\"wp-block-heading\"><strong>O que s\u00e3o Unhas Esbranqui\u00e7adas<\/strong><\/h2>\n\n\n\n<p>O termo <strong>unhas esbranqui\u00e7adas<\/strong> se refere a uma mudan\u00e7a na colora\u00e7\u00e3o natural, onde partes ou toda a superf\u00edcie da unha adquire um tom branco, opaco ou leitoso. Essa altera\u00e7\u00e3o pode afetar uma ou v\u00e1rias unhas e estar associada a diferentes fatores, desde pequenas les\u00f5es at\u00e9 condi\u00e7\u00f5es sist\u00eamicas mais complexas.<\/p>\n\n\n\n<p>Muitas vezes, as <strong>unhas esbranqui\u00e7adas<\/strong> s\u00e3o assintom\u00e1ticas, mas em outras situa\u00e7\u00f5es v\u00eam acompanhadas de fragilidade, descama\u00e7\u00e3o ou espessamento.<\/p>\n\n\n\n<hr class=\"wp-block-separator has-alpha-channel-opacity\"\/>\n\n\n\n<h2 class=\"wp-block-heading\"><strong>Principais Causas das Unhas Esbranqui\u00e7adas<\/strong><\/h2>\n\n\n\n<p>Diversos motivos podem levar ao surgimento das <strong>unhas esbranqui\u00e7adas<\/strong>. Entre os mais comuns, destacam-se:<\/p>\n\n\n\n<ul class=\"wp-block-list\">\n<li><strong>Traumas mec\u00e2nicos<\/strong>: impactos ou batidas na unha podem interromper o crescimento normal e provocar manchas brancas.<br><\/li>\n\n\n\n<li><strong>Defici\u00eancias nutricionais<\/strong>: a falta de zinco, c\u00e1lcio ou vitaminas do complexo B pode alterar a colora\u00e7\u00e3o.<br><\/li>\n\n\n\n<li><strong>Infec\u00e7\u00f5es f\u00fangicas<\/strong>: os fungos podem deixar as unhas opacas, grossas e fr\u00e1geis.<br><\/li>\n\n\n\n<li><strong>Doen\u00e7as sist\u00eamicas<\/strong>: problemas no f\u00edgado, rins ou sistema circulat\u00f3rio podem se refletir na apar\u00eancia das unhas.<br><\/li>\n\n\n\n<li><strong>Uso excessivo de esmaltes<\/strong>: qu\u00edmicos presentes nos produtos podem provocar ressecamento e altera\u00e7\u00e3o de cor.<br><\/li>\n<\/ul>\n\n\n\n<p>\u00c9 importante lembrar que, para cada causa, o tratamento das<a href=\"https:\/\/clinicaleilanecatricala.com.br\/blog\/220\/unhas-esbranquicadas-o-que-pode-ser-e-como-cuida\"> <strong>unhas esbranqui\u00e7adas<\/strong><\/a> ser\u00e1 diferente.<\/p>\n\n\n\n<hr class=\"wp-block-separator has-alpha-channel-opacity\"\/>\n\n\n\n<h2 class=\"wp-block-heading\"><strong>Quando Procurar Ajuda M\u00e9dica<\/strong><\/h2>\n\n\n\n<p>Nem toda unha alterada exige interven\u00e7\u00e3o m\u00e9dica imediata, mas \u00e9 essencial buscar avalia\u00e7\u00e3o quando:<\/p>\n\n\n\n<ul class=\"wp-block-list\">\n<li>A altera\u00e7\u00e3o persiste por v\u00e1rias semanas;<br><\/li>\n\n\n\n<li>H\u00e1 dor, incha\u00e7o ou vermelhid\u00e3o ao redor;<br><\/li>\n\n\n\n<li>As <strong>unhas esbranqui\u00e7adas<\/strong> v\u00eam acompanhadas de fragilidade extrema;<br><\/li>\n\n\n\n<li>Outras altera\u00e7\u00f5es de sa\u00fade surgem simultaneamente.<br><\/li>\n<\/ul>\n\n\n\n<p>A observa\u00e7\u00e3o atenta e a consulta com um dermatologista s\u00e3o a melhor forma de identificar a causa exata.<\/p>\n\n\n\n<hr class=\"wp-block-separator has-alpha-channel-opacity\"\/>\n\n\n\n<h2 class=\"wp-block-heading\"><strong>Diagn\u00f3stico das Unhas Esbranqui\u00e7adas<\/strong><\/h2>\n\n\n\n<p>O diagn\u00f3stico das <strong>unhas esbranqui\u00e7adas<\/strong> geralmente envolve:<\/p>\n\n\n\n<ol class=\"wp-block-list\">\n<li><strong>Avalia\u00e7\u00e3o cl\u00ednica<\/strong>: an\u00e1lise visual e exame f\u00edsico.<br><\/li>\n\n\n\n<li><strong>Hist\u00f3rico de sa\u00fade<\/strong>: identifica\u00e7\u00e3o de h\u00e1bitos e poss\u00edveis doen\u00e7as relacionadas.<br><\/li>\n\n\n\n<li><strong>Exames laboratoriais<\/strong>: em casos suspeitos de defici\u00eancias nutricionais ou doen\u00e7as sist\u00eamicas.<br><\/li>\n\n\n\n<li><strong>Exames micol\u00f3gicos<\/strong>: para confirmar ou descartar infec\u00e7\u00e3o por fungos.<br><\/li>\n<\/ol>\n\n\n\n<hr class=\"wp-block-separator has-alpha-channel-opacity\"\/>\n\n\n\n<h2 class=\"wp-block-heading\"><strong>Tratamentos Dispon\u00edveis<\/strong><\/h2>\n\n\n\n<p>O tratamento das <strong>unhas esbranqui\u00e7adas<\/strong> depende da causa. Entre as op\u00e7\u00f5es, podemos citar:<\/p>\n\n\n\n<ul class=\"wp-block-list\">\n<li><strong>Suplementa\u00e7\u00e3o nutricional<\/strong>: quando h\u00e1 car\u00eancia de vitaminas ou minerais.<br><\/li>\n\n\n\n<li><strong>Antif\u00fangicos t\u00f3picos ou orais<\/strong>: em casos de infec\u00e7\u00e3o por fungos.<br><\/li>\n\n\n\n<li><strong>Terapias t\u00f3picas hidratantes<\/strong>: para evitar ressecamento.<br><\/li>\n\n\n\n<li><strong>Interrup\u00e7\u00e3o do uso de esmaltes e removedores agressivos<\/strong>: permitindo que a unha respire e se regenere.<br><\/li>\n<\/ul>\n\n\n\n<p>\u00c9 importante seguir \u00e0 risca o protocolo recomendado pelo especialista para garantir que as<a href=\"https:\/\/clinicaleilanecatricala.com.br\/blog\/220\/unhas-esbranquicadas-o-que-pode-ser-e-como-cuida\"> <strong>unhas esbranqui\u00e7adas<\/strong><\/a> recuperem seu aspecto saud\u00e1vel.<\/p>\n\n\n\n<hr class=\"wp-block-separator has-alpha-channel-opacity\"\/>\n\n\n\n<h2 class=\"wp-block-heading\"><strong>Cuidados Preventivos<\/strong><\/h2>\n\n\n\n<p>Para evitar o surgimento das <strong>unhas esbranqui\u00e7adas<\/strong>, \u00e9 indicado:<\/p>\n\n\n\n<ul class=\"wp-block-list\">\n<li><strong>Manter uma alimenta\u00e7\u00e3o balanceada<\/strong>;<br><\/li>\n\n\n\n<li><strong>Evitar traumas<\/strong> nas unhas;<br><\/li>\n\n\n\n<li><strong>Hidratar<\/strong> m\u00e3os e cut\u00edculas regularmente;<br><\/li>\n\n\n\n<li><strong>Utilizar luvas<\/strong> em tarefas dom\u00e9sticas;<br><\/li>\n\n\n\n<li><strong>Optar por esmaltes de boa qualidade<\/strong> e fazer pausas entre as aplica\u00e7\u00f5es.<br><\/li>\n<\/ul>\n\n\n\n<p>Esses cuidados n\u00e3o apenas previnem as <strong>unhas esbranqui\u00e7adas<\/strong>, mas tamb\u00e9m melhoram a sa\u00fade geral das unhas.<\/p>\n\n\n\n<hr class=\"wp-block-separator has-alpha-channel-opacity\"\/>\n\n\n\n<h2 class=\"wp-block-heading\"><strong>Rela\u00e7\u00e3o com a Sa\u00fade Geral<\/strong><\/h2>\n\n\n\n<p>As unhas podem refletir muito sobre o estado de sa\u00fade do corpo. As <strong>unhas esbranqui\u00e7adas<\/strong> podem ser um sinal de que algo n\u00e3o est\u00e1 bem, especialmente quando v\u00eam acompanhadas de outros sintomas. Por isso, \u00e9 essencial considerar uma avalia\u00e7\u00e3o m\u00e9dica completa para descartar condi\u00e7\u00f5es como:<\/p>\n\n\n\n<ul class=\"wp-block-list\">\n<li><strong>Anemia<\/strong>;<br><\/li>\n\n\n\n<li><strong>Problemas renais<\/strong>;<br><\/li>\n\n\n\n<li><strong>Doen\u00e7as hep\u00e1ticas<\/strong>;<br><\/li>\n\n\n\n<li><strong>Dist\u00farbios circulat\u00f3rios<\/strong>.<br><\/li>\n<\/ul>\n\n\n\n<hr class=\"wp-block-separator has-alpha-channel-opacity\"\/>\n\n\n\n<h2 class=\"wp-block-heading\"><strong>Diferen\u00e7a Entre Unhas Esbranqui\u00e7adas e Outras Altera\u00e7\u00f5es<\/strong><\/h2>\n\n\n\n<p>Nem toda mudan\u00e7a de cor \u00e9 igual. Enquanto as <strong>unhas esbranqui\u00e7adas<\/strong> apresentam um tom branco difuso, outras altera\u00e7\u00f5es podem ter:<\/p>\n\n\n\n<ul class=\"wp-block-list\">\n<li><strong>Manchas amareladas<\/strong>: comum em infec\u00e7\u00f5es f\u00fangicas avan\u00e7adas;<br><\/li>\n\n\n\n<li><strong>Manchas escuras<\/strong>: podem indicar traumas ou at\u00e9 melanoma subungueal;<br><\/li>\n\n\n\n<li><strong>Manchas azuladas<\/strong>: ligadas a problemas de oxigena\u00e7\u00e3o do sangue.<br><\/li>\n<\/ul>\n\n\n\n<hr class=\"wp-block-separator has-alpha-channel-opacity\"\/>\n\n\n\n<h2 class=\"wp-block-heading\"><strong>Mitos e Verdades<\/strong><\/h2>\n\n\n\n<figure class=\"wp-block-table\"><table class=\"has-fixed-layout\"><tbody><tr><td><strong>Afirma\u00e7\u00e3o<\/strong><\/td><td><strong>Classifica\u00e7\u00e3o<\/strong><\/td><\/tr><tr><td>Unhas esbranqui\u00e7adas sempre indicam fungos<\/td><td><strong>Mito<\/strong><\/td><\/tr><tr><td>Falta de vitaminas pode causar unhas esbranqui\u00e7adas<\/td><td><strong>Verdade<\/strong><\/td><\/tr><tr><td>Esmaltes n\u00e3o afetam a cor das unhas<\/td><td><strong>Mito<\/strong><\/td><\/tr><tr><td>Hidratar as unhas ajuda na preven\u00e7\u00e3o<\/td><td><strong>Verdade<\/strong><\/td><\/tr><\/tbody><\/table><\/figure>\n\n\n\n<hr class=\"wp-block-separator has-alpha-channel-opacity\"\/>\n\n\n\n<h2 class=\"wp-block-heading\"><strong>Progn\u00f3stico<\/strong><\/h2>\n\n\n\n<p>O progn\u00f3stico das <strong>unhas esbranqui\u00e7adas<\/strong> \u00e9 geralmente positivo, especialmente quando a causa \u00e9 identificada e tratada rapidamente. Em muitos casos, as unhas voltam ao aspecto saud\u00e1vel em poucos meses, acompanhando o ciclo natural de crescimento.<\/p>\n\n\n\n<hr class=\"wp-block-separator has-alpha-channel-opacity\"\/>\n\n\n\n<h2 class=\"wp-block-heading\"><strong>Fototerapia e Tratamentos Modernos<\/strong><\/h2>\n\n\n\n<p>Al\u00e9m dos m\u00e9todos tradicionais, a dermatologia moderna conta com terapias avan\u00e7adas para acelerar a recupera\u00e7\u00e3o das<a href=\"https:\/\/clinicaleilanecatricala.com.br\/blog\/220\/unhas-esbranquicadas-o-que-pode-ser-e-como-cuida\"> <strong>unhas esbranqui\u00e7adas<\/strong><\/a>, como a fototerapia e o uso de lasers espec\u00edficos para fungos.<\/p>\n\n\n\n<hr class=\"wp-block-separator has-alpha-channel-opacity\"\/>\n\n\n\n<h2 class=\"wp-block-heading\"><strong>Import\u00e2ncia da Consulta Especializada<\/strong><\/h2>\n\n\n\n<p>Embora existam dicas caseiras e receitas populares, apenas um dermatologista pode determinar o tratamento correto para as <strong>unhas esbranqui\u00e7adas<\/strong>. Automedica\u00e7\u00e3o pode atrasar o diagn\u00f3stico e agravar o quadro.<\/p>\n\n\n\n<hr class=\"wp-block-separator has-alpha-channel-opacity\"\/>\n\n\n\n<h2 class=\"wp-block-heading\"><strong>Conclus\u00e3o<\/strong><\/h2>\n\n\n\n<p>As<a href=\"https:\/\/clinicaleilanecatricala.com.br\/blog\/220\/unhas-esbranquicadas-o-que-pode-ser-e-como-cuida\"> <strong>unhas esbranqui\u00e7adas<\/strong><\/a> podem ter m\u00faltiplas causas e nem sempre s\u00e3o motivo de alarme, mas devem ser avaliadas com aten\u00e7\u00e3o. Na <strong>Cl\u00ednica Leilane Catricala<\/strong>, o cuidado \u00e9 personalizado, buscando n\u00e3o apenas restaurar a beleza das unhas, mas tamb\u00e9m investigar e tratar eventuais condi\u00e7\u00f5es de sa\u00fade associadas.<\/p>\n","protected":false},"excerpt":{"rendered":"<p>Introdu\u00e7\u00e3o Na Cl\u00ednica Leilane Catricala, muitos pacientes chegam preocupados ao notar altera\u00e7\u00f5es na cor das unhas. Entre as queixas mais comuns est\u00e3o as unhas esbranqui\u00e7adas, que podem surgir de forma [&hellip;]<\/p>\n","protected":false},"author":1,"featured_media":106,"comment_status":"open","ping_status":"open","sticky":false,"template":"","format":"standard","meta":{"footnotes":""},"categories":[4],"tags":[],"class_list":["post-105","post","type-post","status-publish","format-standard","has-post-thumbnail","hentry","category-news"],"_links":{"self":[{"href":"https:\/\/musicaxd.com.es\/index.php\/wp-json\/wp\/v2\/posts\/105","targetHints":{"allow":["GET"]}}],"collection":[{"href":"https:\/\/musicaxd.com.es\/index.php\/wp-json\/wp\/v2\/posts"}],"about":[{"href":"https:\/\/musicaxd.com.es\/index.php\/wp-json\/wp\/v2\/types\/post"}],"author":[{"embeddable":true,"href":"https:\/\/musicaxd.com.es\/index.php\/wp-json\/wp\/v2\/users\/1"}],"replies":[{"embeddable":true,"href":"https:\/\/musicaxd.com.es\/index.php\/wp-json\/wp\/v2\/comments?post=105"}],"version-history":[{"count":1,"href":"https:\/\/musicaxd.com.es\/index.php\/wp-json\/wp\/v2\/posts\/105\/revisions"}],"predecessor-version":[{"id":107,"href":"https:\/\/musicaxd.com.es\/index.php\/wp-json\/wp\/v2\/posts\/105\/revisions\/107"}],"wp:featuredmedia":[{"embeddable":true,"href":"https:\/\/musicaxd.com.es\/index.php\/wp-json\/wp\/v2\/media\/106"}],"wp:attachment":[{"href":"https:\/\/musicaxd.com.es\/index.php\/wp-json\/wp\/v2\/media?parent=105"}],"wp:term":[{"taxonomy":"category","embeddable":true,"href":"https:\/\/musicaxd.com.es\/index.php\/wp-json\/wp\/v2\/categories?post=105"},{"taxonomy":"post_tag","embeddable":true,"href":"https:\/\/musicaxd.com.es\/index.php\/wp-json\/wp\/v2\/tags?post=105"}],"curies":[{"name":"wp","href":"https:\/\/api.w.org\/{rel}","templated":true}]}}