{"id":108,"date":"2025-08-01T15:17:21","date_gmt":"2025-08-01T15:17:21","guid":{"rendered":"https:\/\/musicaxd.com.es\/?p=108"},"modified":"2025-08-11T15:20:39","modified_gmt":"2025-08-11T15:20:39","slug":"retinoica-beneficios-indicacoes-e-cuidados-no-uso","status":"publish","type":"post","link":"https:\/\/musicaxd.com.es\/index.php\/2025\/08\/01\/retinoica-beneficios-indicacoes-e-cuidados-no-uso\/","title":{"rendered":"Retinoica: Benef\u00edcios, Indica\u00e7\u00f5es e Cuidados no Uso"},"content":{"rendered":"\n<p>A subst\u00e2ncia<a href=\"https:\/\/clinicaleilanecatricala.com.br\/blog\/158\/acido-retinoico-ou-retinol-tudo-que-voce-precisa-saber-sobre-este-queridinho\"> <strong>retinoica<\/strong><\/a> \u00e9 um dos ativos mais conhecidos e utilizados em tratamentos dermatol\u00f3gicos para rejuvenescimento, renova\u00e7\u00e3o celular e combate a manchas. Derivada da vitamina A, ela possui propriedades potentes que estimulam a produ\u00e7\u00e3o de col\u00e1geno e melhoram a textura da pele.<\/p>\n\n\n\n<hr class=\"wp-block-separator has-alpha-channel-opacity\"\/>\n\n\n\n<h2 class=\"wp-block-heading\"><strong>Para Que Serve a Retinoica<\/strong><\/h2>\n\n\n\n<p>O uso de <strong>retinoica<\/strong> \u00e9 indicado para diferentes finalidades est\u00e9ticas e terap\u00eauticas, como:<\/p>\n\n\n\n<ul class=\"wp-block-list\">\n<li>Redu\u00e7\u00e3o de linhas finas e rugas;<br><\/li>\n\n\n\n<li>Clareamento de manchas causadas pelo sol ou melasma;<br><\/li>\n\n\n\n<li>Controle da oleosidade e preven\u00e7\u00e3o da acne;<br><\/li>\n\n\n\n<li>Renova\u00e7\u00e3o da pele, deixando-a mais uniforme e vi\u00e7osa.<br><\/li>\n<\/ul>\n\n\n\n<p>Muitos dermatologistas recomendam<a href=\"https:\/\/clinicaleilanecatricala.com.br\/blog\/158\/acido-retinoico-ou-retinol-tudo-que-voce-precisa-saber-sobre-este-queridinho\"> <strong>retinoica<\/strong><\/a> como parte de protocolos anti-idade.<\/p>\n\n\n\n<hr class=\"wp-block-separator has-alpha-channel-opacity\"\/>\n\n\n\n<h2 class=\"wp-block-heading\"><strong>Como Usar a Retinoica<\/strong><\/h2>\n\n\n\n<p>A aplica\u00e7\u00e3o de <strong>retinoica<\/strong> deve ser feita de forma gradual, geralmente \u00e0 noite, e sempre acompanhada de hidrata\u00e7\u00e3o adequada. Al\u00e9m disso, \u00e9 indispens\u00e1vel o uso di\u00e1rio de protetor solar, pois o ativo pode aumentar a sensibilidade da pele ao sol.<\/p>\n\n\n\n<p>Se utilizada corretamente, a<a href=\"https:\/\/clinicaleilanecatricala.com.br\/blog\/158\/acido-retinoico-ou-retinol-tudo-que-voce-precisa-saber-sobre-este-queridinho\"> <strong>retinoica<\/strong><\/a> pode trazer resultados vis\u00edveis j\u00e1 nas primeiras semanas.<\/p>\n\n\n\n<hr class=\"wp-block-separator has-alpha-channel-opacity\"\/>\n\n\n\n<h2 class=\"wp-block-heading\"><strong>Cuidados e Contraindica\u00e7\u00f5es<\/strong><\/h2>\n\n\n\n<p>Embora eficaz, a <strong>retinoica<\/strong> n\u00e3o \u00e9 indicada para todos. Pessoas com pele muito sens\u00edvel, gestantes ou lactantes devem evitar o uso, a menos que haja recomenda\u00e7\u00e3o m\u00e9dica. \u00c9 comum ocorrer leve descama\u00e7\u00e3o ou vermelhid\u00e3o no in\u00edcio do tratamento, mas esses efeitos tendem a diminuir com o tempo.<\/p>\n\n\n\n<p>Antes de iniciar, \u00e9 fundamental entender como a<a href=\"https:\/\/clinicaleilanecatricala.com.br\/blog\/158\/acido-retinoico-ou-retinol-tudo-que-voce-precisa-saber-sobre-este-queridinho\"> <strong>retinoica<\/strong><\/a> age e como adaptar seu uso ao seu tipo de pele.<\/p>\n\n\n\n<hr class=\"wp-block-separator has-alpha-channel-opacity\"\/>\n\n\n\n<h2 class=\"wp-block-heading\"><strong>Resultados Esperados<\/strong><\/h2>\n\n\n\n<p>Com uso cont\u00ednuo e acompanhamento profissional, a <strong>retinoica<\/strong> pode promover uma transforma\u00e7\u00e3o significativa na qualidade da pele. Ela suaviza imperfei\u00e7\u00f5es, estimula a regenera\u00e7\u00e3o e proporciona um aspecto mais jovem e saud\u00e1vel.<\/p>\n\n\n\n<p>Seguir corretamente as orienta\u00e7\u00f5es sobre<a href=\"https:\/\/clinicaleilanecatricala.com.br\/blog\/158\/acido-retinoico-ou-retinol-tudo-que-voce-precisa-saber-sobre-este-queridinho\"> <strong>retinoica<\/strong><\/a> garante benef\u00edcios duradouros.<\/p>\n\n\n\n<hr class=\"wp-block-separator has-alpha-channel-opacity\"\/>\n\n\n\n<h2 class=\"wp-block-heading\"><strong>Conclus\u00e3o \u2013 Cuide da Sua Pele com Quem Entende<\/strong><\/h2>\n\n\n\n<p>Agora que voc\u00ea sabe mais sobre a <strong>retinoica<\/strong>, fica claro como esse ativo pode ser um aliado no tratamento e preven\u00e7\u00e3o de sinais do envelhecimento. Na <strong>Cl\u00ednica Leilane Catricala<\/strong>, oferecemos protocolos personalizados que incluem o uso de <strong>retinoica<\/strong> de forma segura e eficaz, garantindo resultados vis\u00edveis e prote\u00e7\u00e3o \u00e0 sa\u00fade da sua pele.<\/p>\n","protected":false},"excerpt":{"rendered":"<p>A subst\u00e2ncia retinoica \u00e9 um dos ativos mais conhecidos e utilizados em tratamentos dermatol\u00f3gicos para rejuvenescimento, renova\u00e7\u00e3o celular e combate a manchas. Derivada da vitamina A, ela possui propriedades potentes [&hellip;]<\/p>\n","protected":false},"author":1,"featured_media":109,"comment_status":"open","ping_status":"open","sticky":false,"template":"","format":"standard","meta":{"footnotes":""},"categories":[4],"tags":[],"class_list":["post-108","post","type-post","status-publish","format-standard","has-post-thumbnail","hentry","category-news"],"_links":{"self":[{"href":"https:\/\/musicaxd.com.es\/index.php\/wp-json\/wp\/v2\/posts\/108","targetHints":{"allow":["GET"]}}],"collection":[{"href":"https:\/\/musicaxd.com.es\/index.php\/wp-json\/wp\/v2\/posts"}],"about":[{"href":"https:\/\/musicaxd.com.es\/index.php\/wp-json\/wp\/v2\/types\/post"}],"author":[{"embeddable":true,"href":"https:\/\/musicaxd.com.es\/index.php\/wp-json\/wp\/v2\/users\/1"}],"replies":[{"embeddable":true,"href":"https:\/\/musicaxd.com.es\/index.php\/wp-json\/wp\/v2\/comments?post=108"}],"version-history":[{"count":1,"href":"https:\/\/musicaxd.com.es\/index.php\/wp-json\/wp\/v2\/posts\/108\/revisions"}],"predecessor-version":[{"id":110,"href":"https:\/\/musicaxd.com.es\/index.php\/wp-json\/wp\/v2\/posts\/108\/revisions\/110"}],"wp:featuredmedia":[{"embeddable":true,"href":"https:\/\/musicaxd.com.es\/index.php\/wp-json\/wp\/v2\/media\/109"}],"wp:attachment":[{"href":"https:\/\/musicaxd.com.es\/index.php\/wp-json\/wp\/v2\/media?parent=108"}],"wp:term":[{"taxonomy":"category","embeddable":true,"href":"https:\/\/musicaxd.com.es\/index.php\/wp-json\/wp\/v2\/categories?post=108"},{"taxonomy":"post_tag","embeddable":true,"href":"https:\/\/musicaxd.com.es\/index.php\/wp-json\/wp\/v2\/tags?post=108"}],"curies":[{"name":"wp","href":"https:\/\/api.w.org\/{rel}","templated":true}]}}