{"id":75,"date":"2025-06-01T13:36:23","date_gmt":"2025-06-01T13:36:23","guid":{"rendered":"https:\/\/musicaxd.com.es\/?p=75"},"modified":"2025-06-26T13:42:33","modified_gmt":"2025-06-26T13:42:33","slug":"qual-o-melhor-protetor-solar-em-capsulas-guia-atualizado-para-escolher-com-seguranca","status":"publish","type":"post","link":"https:\/\/musicaxd.com.es\/index.php\/2025\/06\/01\/qual-o-melhor-protetor-solar-em-capsulas-guia-atualizado-para-escolher-com-seguranca\/","title":{"rendered":"Qual o Melhor Protetor Solar em C\u00e1psulas: Guia Atualizado para Escolher com Seguran\u00e7a"},"content":{"rendered":"\n<h2 class=\"wp-block-heading\"><strong>A busca por prote\u00e7\u00e3o de dentro para fora<\/strong><\/h2>\n\n\n\n<p>Fernanda sempre cuidou da pele. Usava filtro solar desde os 18 anos, reaplicava o produto com disciplina e evitava sol nos hor\u00e1rios de pico. Mesmo assim, ap\u00f3s os 35, notou o surgimento de manchas no colo e nas bochechas. Foi nesse momento que escutou a recomenda\u00e7\u00e3o de uma dermatologista: usar <strong>protetor solar em c\u00e1psulas<\/strong> como refor\u00e7o.<\/p>\n\n\n\n<p>A ideia de proteger a pele de dentro para fora parecia promissora. Mas a d\u00favida surgiu imediatamente: <a href=\"https:\/\/clinicaleilanecatricala.com.br\/blog\/141\/protetor-solar-via-oral-funciona\"><strong>qual o melhor protetor solar em c\u00e1psulas<\/strong><\/a>? Ser\u00e1 que funciona? \u00c9 seguro? Como escolher entre tantas op\u00e7\u00f5es?<\/p>\n\n\n\n<p>Este artigo vai responder essas perguntas com base cient\u00edfica, linguagem clara e todas as diretrizes para quem busca um cuidado completo com a pele.<\/p>\n\n\n\n<hr class=\"wp-block-separator has-alpha-channel-opacity\"\/>\n\n\n\n<h2 class=\"wp-block-heading\"><strong>O que s\u00e3o protetores solares em c\u00e1psulas?<\/strong><\/h2>\n\n\n\n<p>Os <strong>protetores solares em c\u00e1psulas<\/strong> s\u00e3o suplementos nutrac\u00eauticos formulados com antioxidantes, carotenoides e subst\u00e2ncias bioativas que ajudam o organismo a <strong>aumentar a resist\u00eancia natural da pele \u00e0 radia\u00e7\u00e3o solar<\/strong>. Eles <strong>n\u00e3o substituem<\/strong> o uso t\u00f3pico do filtro solar tradicional, mas atuam como aliados no combate aos danos causados pela radia\u00e7\u00e3o UV e infravermelha.<\/p>\n\n\n\n<p>Entre os ativos mais comuns est\u00e3o:<\/p>\n\n\n\n<ul class=\"wp-block-list\">\n<li><strong>Polypodium leucotomos<\/strong><strong><br><\/strong><\/li>\n\n\n\n<li><strong>Licopeno<\/strong><strong><br><\/strong><\/li>\n\n\n\n<li><strong>Betacaroteno<\/strong><strong><br><\/strong><\/li>\n\n\n\n<li><strong>Vitamina C e E<\/strong><strong><br><\/strong><\/li>\n\n\n\n<li><strong>Astaxantina<\/strong><strong><br><\/strong><\/li>\n<\/ul>\n\n\n\n<p>O uso cont\u00ednuo pode auxiliar na preven\u00e7\u00e3o do fotoenvelhecimento, manchas, melasma e at\u00e9 em tratamentos p\u00f3s-laser ou peelings, como detalhado no<a href=\"https:\/\/clinicaleilanecatricala.com.br\/blog\/141\/protetor-solar-via-oral-funciona\"> artigo da Cl\u00ednica Leilane Catricala<\/a>.<\/p>\n\n\n\n<hr class=\"wp-block-separator has-alpha-channel-opacity\"\/>\n\n\n\n<h2 class=\"wp-block-heading\"><strong>Qual o melhor protetor solar em c\u00e1psulas? Entenda os crit\u00e9rios<\/strong><\/h2>\n\n\n\n<p>A resposta para <a href=\"https:\/\/clinicaleilanecatricala.com.br\/blog\/141\/protetor-solar-via-oral-funciona\"><strong>qual o melhor protetor solar em c\u00e1psulas<\/strong><\/a> depende do perfil de cada pessoa, mas alguns crit\u00e9rios ajudam a fazer a escolha certa:<\/p>\n\n\n\n<h3 class=\"wp-block-heading\"><strong>1. Composi\u00e7\u00e3o rica em antioxidantes naturais<\/strong><\/h3>\n\n\n\n<p>Marcas que utilizam ingredientes como <strong>Polypodium leucotomos<\/strong>, extra\u00eddo de uma samambaia tropical, oferecem maior prote\u00e7\u00e3o celular. Esse ativo \u00e9 um dos mais estudados e recomendado por dermatologistas, como mostra esta<a href=\"https:\/\/pubmed.ncbi.nlm.nih.gov\/20447356\/\"> pesquisa publicada pela PubMed<\/a>.<\/p>\n\n\n\n<h3 class=\"wp-block-heading\"><strong>2. Registro na Anvisa<\/strong><\/h3>\n\n\n\n<p>Verifique se o produto est\u00e1 devidamente registrado e liberado pela Anvisa, garantindo seguran\u00e7a e efic\u00e1cia.<\/p>\n\n\n\n<h3 class=\"wp-block-heading\"><strong>3. Aus\u00eancia de corantes e subst\u00e2ncias alerg\u00eanicas<\/strong><\/h3>\n\n\n\n<p>Opte por f\u00f3rmulas clean label, livres de gl\u00faten, lactose e corantes artificiais.<\/p>\n\n\n\n<h3 class=\"wp-block-heading\"><strong>4. Reputa\u00e7\u00e3o da marca e indica\u00e7\u00e3o dermatol\u00f3gica<\/strong><\/h3>\n\n\n\n<p>Suplementos recomendados por cl\u00ednicas especializadas como a<a href=\"https:\/\/clinicaleilanecatricala.com.br\/blog\/141\/protetor-solar-via-oral-funciona\"> Cl\u00ednica Leilane Catricala<\/a> possuem mais confiabilidade e respaldo t\u00e9cnico.<\/p>\n\n\n\n<hr class=\"wp-block-separator has-alpha-channel-opacity\"\/>\n\n\n\n<h2 class=\"wp-block-heading\"><strong>Como funcionam os protetores solares orais?<\/strong><\/h2>\n\n\n\n<p>Ao ingerir o suplemento, os ativos s\u00e3o absorvidos no trato digestivo e circulam na corrente sangu\u00ednea, onde exercem a\u00e7\u00e3o antioxidante e anti-inflamat\u00f3ria. Eles reduzem o estresse oxidativo causado pela radia\u00e7\u00e3o, fortalecem a barreira cut\u00e2nea e modulam a resposta imunol\u00f3gica da pele.<\/p>\n\n\n\n<p>Segundo a<a href=\"https:\/\/pt.wikipedia.org\/wiki\/Protetor_solar\"> Wikipedia<\/a>, os protetores solares orais s\u00e3o considerados <strong>fotoprotetores sist\u00eamicos<\/strong>, e seu uso deve ser combinado ao filtro solar t\u00f3pico para efic\u00e1cia completa.<\/p>\n\n\n\n<hr class=\"wp-block-separator has-alpha-channel-opacity\"\/>\n\n\n\n<h2 class=\"wp-block-heading\"><strong>Benef\u00edcios do uso complementar<\/strong><\/h2>\n\n\n\n<p>Optar pelo uso regular do protetor oral oferece benef\u00edcios como:<\/p>\n\n\n\n<ul class=\"wp-block-list\">\n<li><strong>Redu\u00e7\u00e3o de manchas solares e melasma<\/strong><strong><br><\/strong><\/li>\n\n\n\n<li><strong>Preven\u00e7\u00e3o do envelhecimento precoce<\/strong><strong><br><\/strong><\/li>\n\n\n\n<li><strong>Menor vermelhid\u00e3o e sensibilidade ap\u00f3s exposi\u00e7\u00e3o solar<\/strong><strong><br><\/strong><\/li>\n\n\n\n<li><strong>Aumento da toler\u00e2ncia ao sol em peles sens\u00edveis<\/strong><strong><br><\/strong><\/li>\n\n\n\n<li><strong>A\u00e7\u00e3o complementar ao protetor solar t\u00f3pico<\/strong><strong><br><\/strong><\/li>\n<\/ul>\n\n\n\n<p>Esses resultados s\u00e3o potencializados quando o produto \u00e9 prescrito por dermatologistas capacitados, como os da<a href=\"https:\/\/clinicaleilanecatricala.com.br\/blog\/141\/protetor-solar-via-oral-funciona\"> Cl\u00ednica Leilane Catricala<\/a>, refer\u00eancia em tratamentos dermatol\u00f3gicos personalizados.<\/p>\n\n\n\n<hr class=\"wp-block-separator has-alpha-channel-opacity\"\/>\n\n\n\n<h2 class=\"wp-block-heading\"><strong>Os ativos mais eficientes do mercado<\/strong><\/h2>\n\n\n\n<p>Conhe\u00e7a os principais ativos presentes nos suplementos que dominam o ranking de <a href=\"https:\/\/clinicaleilanecatricala.com.br\/blog\/141\/protetor-solar-via-oral-funciona\"><strong>qual o melhor protetor solar em c\u00e1psulas<\/strong><\/a>:<\/p>\n\n\n\n<ul class=\"wp-block-list\">\n<li><strong>Polypodium Leucotomos<\/strong>: com a\u00e7\u00e3o comprovada na prote\u00e7\u00e3o do DNA celular<br><\/li>\n\n\n\n<li><strong>Vitamina C<\/strong>: potente antioxidante que combate os radicais livres<br><\/li>\n\n\n\n<li><strong>Licopeno<\/strong>: melhora a elasticidade e combate o envelhecimento<br><\/li>\n\n\n\n<li><strong>Astaxantina<\/strong>: refor\u00e7a a hidrata\u00e7\u00e3o e reduz a sensibilidade ao sol<br><\/li>\n\n\n\n<li><strong>Betacaroteno<\/strong>: auxilia na produ\u00e7\u00e3o de melanina e contribui para o bronzeado uniforme<br><\/li>\n<\/ul>\n\n\n\n<p>Marcas como <strong>Helioral<\/strong>, <strong>BeSun<\/strong> e <strong>SunCaps<\/strong> se destacam por oferecer f\u00f3rmulas equilibradas com esses compostos. Uma boa fonte de compara\u00e7\u00e3o entre eles \u00e9 o<a href=\"https:\/\/www.sbd.org.br\/\"> site oficial da Sociedade Brasileira de Dermatologia<\/a>.<\/p>\n\n\n\n<hr class=\"wp-block-separator has-alpha-channel-opacity\"\/>\n\n\n\n<h2 class=\"wp-block-heading\"><strong>Quando iniciar o uso?<\/strong><\/h2>\n\n\n\n<p>O ideal \u00e9 iniciar o uso de c\u00e1psulas fotoprotetoras <strong>pelo menos 15 dias antes de se expor ao sol com frequ\u00eancia<\/strong>, como viagens para a praia, tratamentos com \u00e1cidos ou exposi\u00e7\u00e3o prolongada ao ar livre.<\/p>\n\n\n\n<p>Pacientes em tratamento de melasma, ros\u00e1cea ou p\u00f3s-procedimentos est\u00e9ticos tamb\u00e9m se beneficiam do uso cont\u00ednuo. A indica\u00e7\u00e3o deve ser feita por uma cl\u00ednica especializada, como a<a href=\"https:\/\/clinicaleilanecatricala.com.br\/blog\/141\/protetor-solar-via-oral-funciona\"> Cl\u00ednica Leilane Catricala<\/a>.<\/p>\n\n\n\n<hr class=\"wp-block-separator has-alpha-channel-opacity\"\/>\n\n\n\n<h2 class=\"wp-block-heading\"><strong>Efeitos colaterais e contraindica\u00e7\u00f5es<\/strong><\/h2>\n\n\n\n<p>Apesar de serem considerados seguros, alguns suplementos podem causar rea\u00e7\u00f5es adversas em pessoas al\u00e9rgicas a determinados componentes. Al\u00e9m disso:<\/p>\n\n\n\n<ul class=\"wp-block-list\">\n<li>Mulheres gr\u00e1vidas ou lactantes devem ter orienta\u00e7\u00e3o m\u00e9dica<br><\/li>\n\n\n\n<li>Suplementos com betacaroteno n\u00e3o s\u00e3o recomendados para fumantes<br><\/li>\n\n\n\n<li>O uso em crian\u00e7as exige avalia\u00e7\u00e3o individualizada<br><\/li>\n<\/ul>\n\n\n\n<p>Antes de comprar, sempre consulte um dermatologista. Profissionais como os da<a href=\"https:\/\/clinicaleilanecatricala.com.br\/blog\/141\/protetor-solar-via-oral-funciona\"> Cl\u00ednica Leilane Catricala<\/a> oferecem orienta\u00e7\u00e3o personalizada com base no seu hist\u00f3rico de pele.<\/p>\n\n\n\n<hr class=\"wp-block-separator has-alpha-channel-opacity\"\/>\n\n\n\n<h2 class=\"wp-block-heading\"><strong>Mitos sobre protetores solares em c\u00e1psulas<\/strong><\/h2>\n\n\n\n<p>Ainda existem muitos equ\u00edvocos sobre o uso desses produtos. Veja os principais mitos:<\/p>\n\n\n\n<ul class=\"wp-block-list\">\n<li><strong>\u00abN\u00e3o preciso usar filtro solar t\u00f3pico.\u00bb<\/strong> FALSO: o oral \u00e9 um complemento, nunca um substituto.<br><\/li>\n\n\n\n<li><strong>\u00abServe para qualquer tipo de pele.\u00bb<\/strong> FALSO: peles oleosas, sens\u00edveis ou acneicas requerem avalia\u00e7\u00e3o pr\u00e9via.<br><\/li>\n\n\n\n<li><strong>\u00abTomar c\u00e1psulas j\u00e1 garante prote\u00e7\u00e3o imediata.\u00bb<\/strong> FALSO: o efeito \u00e9 gradual e exige uso cont\u00ednuo.<br><\/li>\n<\/ul>\n\n\n\n<p>Para evitar erros comuns, busque acompanhamento profissional. Cl\u00ednicas como a<a href=\"https:\/\/clinicaleilanecatricala.com.br\/blog\/141\/protetor-solar-via-oral-funciona\"> Cl\u00ednica Leilane Catricala<\/a> oferecem um plano completo de fotoprote\u00e7\u00e3o.<\/p>\n\n\n\n<hr class=\"wp-block-separator has-alpha-channel-opacity\"\/>\n\n\n\n<h2 class=\"wp-block-heading\"><strong>Conclus\u00e3o: Qual o melhor protetor solar em c\u00e1psulas?<\/strong><\/h2>\n\n\n\n<p>A resposta para <a href=\"https:\/\/clinicaleilanecatricala.com.br\/blog\/141\/protetor-solar-via-oral-funciona\"><strong>qual o melhor protetor solar em c\u00e1psulas<\/strong><\/a> \u00e9: <strong>aquele que atende \u00e0s necessidades da sua pele, com formula\u00e7\u00e3o segura, respaldo cl\u00ednico e orienta\u00e7\u00e3o m\u00e9dica adequada<\/strong>.<\/p>\n\n\n\n<p>Se voc\u00ea procura:<\/p>\n\n\n\n<ul class=\"wp-block-list\">\n<li>Clareamento de manchas<br><\/li>\n\n\n\n<li>Preven\u00e7\u00e3o ao melasma<br><\/li>\n\n\n\n<li>Aumento da toler\u00e2ncia solar<br><\/li>\n\n\n\n<li>Suporte ao uso de \u00e1cidos e lasers<br><\/li>\n<\/ul>\n\n\n\n<p>\u2026 ent\u00e3o vale considerar c\u00e1psulas com ativos como Polypodium Leucotomos e antioxidantes naturais. Mas nunca se esque\u00e7a: o suplemento \u00e9 parte de um plano completo, e deve ser indicado por profissionais experientes como os da<a href=\"https:\/\/clinicaleilanecatricala.com.br\/blog\/141\/protetor-solar-via-oral-funciona\"> Cl\u00ednica Leilane Catricala<\/a>.<\/p>\n\n\n\n<hr class=\"wp-block-separator has-alpha-channel-opacity\"\/>\n\n\n\n<h2 class=\"wp-block-heading\"><strong>Leitura complementar e fontes confi\u00e1veis<\/strong><\/h2>\n\n\n\n<ul class=\"wp-block-list\">\n<li><a href=\"https:\/\/pt.wikipedia.org\/wiki\/Protetor_solar\">Wikipedia \u2013 Protetor solar<br><\/a><\/li>\n\n\n\n<li><a href=\"https:\/\/www.sbd.org.br\/\">SBD \u2013 Sociedade Brasileira de Dermatologia<br><\/a><\/li>\n\n\n\n<li><a href=\"https:\/\/pubmed.ncbi.nlm.nih.gov\/20447356\/\">PubMed \u2013 Efeitos de Polypodium Leucotomos na pele<br><\/a><\/li>\n\n\n\n<li><a href=\"https:\/\/clinicaleilanecatricala.com.br\/blog\/141\/protetor-solar-via-oral-funciona\">Cl\u00ednica Leilane Catricala \u2013 Protetor Solar em C\u00e1psulas<br><\/a><\/li>\n\n\n\n<li>Healthline \u2013 Oral Sun Protection: Do They Work?<br><\/li>\n<\/ul>\n","protected":false},"excerpt":{"rendered":"<p>A busca por prote\u00e7\u00e3o de dentro para fora Fernanda sempre cuidou da pele. Usava filtro solar desde os 18 anos, reaplicava o produto com disciplina e evitava sol nos hor\u00e1rios [&hellip;]<\/p>\n","protected":false},"author":1,"featured_media":76,"comment_status":"open","ping_status":"open","sticky":false,"template":"","format":"standard","meta":{"footnotes":""},"categories":[4],"tags":[],"class_list":["post-75","post","type-post","status-publish","format-standard","has-post-thumbnail","hentry","category-news"],"_links":{"self":[{"href":"https:\/\/musicaxd.com.es\/index.php\/wp-json\/wp\/v2\/posts\/75","targetHints":{"allow":["GET"]}}],"collection":[{"href":"https:\/\/musicaxd.com.es\/index.php\/wp-json\/wp\/v2\/posts"}],"about":[{"href":"https:\/\/musicaxd.com.es\/index.php\/wp-json\/wp\/v2\/types\/post"}],"author":[{"embeddable":true,"href":"https:\/\/musicaxd.com.es\/index.php\/wp-json\/wp\/v2\/users\/1"}],"replies":[{"embeddable":true,"href":"https:\/\/musicaxd.com.es\/index.php\/wp-json\/wp\/v2\/comments?post=75"}],"version-history":[{"count":1,"href":"https:\/\/musicaxd.com.es\/index.php\/wp-json\/wp\/v2\/posts\/75\/revisions"}],"predecessor-version":[{"id":77,"href":"https:\/\/musicaxd.com.es\/index.php\/wp-json\/wp\/v2\/posts\/75\/revisions\/77"}],"wp:featuredmedia":[{"embeddable":true,"href":"https:\/\/musicaxd.com.es\/index.php\/wp-json\/wp\/v2\/media\/76"}],"wp:attachment":[{"href":"https:\/\/musicaxd.com.es\/index.php\/wp-json\/wp\/v2\/media?parent=75"}],"wp:term":[{"taxonomy":"category","embeddable":true,"href":"https:\/\/musicaxd.com.es\/index.php\/wp-json\/wp\/v2\/categories?post=75"},{"taxonomy":"post_tag","embeddable":true,"href":"https:\/\/musicaxd.com.es\/index.php\/wp-json\/wp\/v2\/tags?post=75"}],"curies":[{"name":"wp","href":"https:\/\/api.w.org\/{rel}","templated":true}]}}