{"id":78,"date":"2025-06-01T15:37:11","date_gmt":"2025-06-01T15:37:11","guid":{"rendered":"https:\/\/musicaxd.com.es\/?p=78"},"modified":"2025-06-26T15:44:19","modified_gmt":"2025-06-26T15:44:19","slug":"vitamina-manipulada-para-cabelo-o-aliado-ideal-para-fios-fortes-e-brilhantes","status":"publish","type":"post","link":"https:\/\/musicaxd.com.es\/index.php\/2025\/06\/01\/vitamina-manipulada-para-cabelo-o-aliado-ideal-para-fios-fortes-e-brilhantes\/","title":{"rendered":"Vitamina Manipulada para Cabelo: O Aliado Ideal para Fios Fortes e Brilhantes"},"content":{"rendered":"\n<p>Cabelos enfraquecidos, sem brilho e com queda constante s\u00e3o queixas comuns, especialmente entre quem passa por rotinas estressantes ou altera\u00e7\u00f5es hormonais. Nesse cen\u00e1rio, a <a href=\"https:\/\/www.biofase.com.br\/top-10-melhores-medicamentos-manipulados-para-deixar-cabelo-macio\"><strong>vitamina manipulada para cabelo<\/strong><\/a> surge como uma solu\u00e7\u00e3o personalizada, eficaz e segura. Mas como ela atua? Quem pode usar? E como escolher a melhor f\u00f3rmula?<\/p>\n\n\n\n<p>Neste conte\u00fado, voc\u00ea vai entender como as vitaminas manipuladas funcionam, os principais ativos utilizados e por que essa solu\u00e7\u00e3o tem se destacado entre dermatologistas e especialistas em tricologia.<\/p>\n\n\n\n<hr class=\"wp-block-separator has-alpha-channel-opacity\"\/>\n\n\n\n<h2 class=\"wp-block-heading\"><strong>Por que o Cabelo Enfraquece?<\/strong><\/h2>\n\n\n\n<p>O ciclo capilar \u00e9 sens\u00edvel a diversos fatores:<\/p>\n\n\n\n<ul class=\"wp-block-list\">\n<li>Altera\u00e7\u00f5es hormonais<br><\/li>\n\n\n\n<li>Car\u00eancia nutricional<br><\/li>\n\n\n\n<li>Estresse cr\u00f4nico<br><\/li>\n\n\n\n<li>Uso excessivo de qu\u00edmicas<br><\/li>\n\n\n\n<li>Exposi\u00e7\u00e3o solar e polui\u00e7\u00e3o<br><\/li>\n<\/ul>\n\n\n\n<p>Quando h\u00e1 defici\u00eancia de nutrientes essenciais, o crescimento do fio \u00e9 comprometido. A raiz enfraquece, o couro cabeludo inflama e os fios perdem brilho e resist\u00eancia.<\/p>\n\n\n\n<p>\u00c9 nesse momento que a <a href=\"https:\/\/www.biofase.com.br\/top-10-melhores-medicamentos-manipulados-para-deixar-cabelo-macio\"><strong>vitamina manipulada para cabelo<\/strong><\/a> se torna uma alternativa terap\u00eautica relevante. Ela oferece ativos na dose certa para o seu organismo e atua diretamente nas necessidades do seu couro cabeludo.<\/p>\n\n\n\n<hr class=\"wp-block-separator has-alpha-channel-opacity\"\/>\n\n\n\n<h2 class=\"wp-block-heading\"><strong>O Que \u00c9 uma Vitamina Manipulada para Cabelo?<\/strong><\/h2>\n\n\n\n<p>Trata-se de uma f\u00f3rmula desenvolvida em farm\u00e1cia de manipula\u00e7\u00e3o, com ingredientes personalizados para o perfil de quem ir\u00e1 utiliz\u00e1-la. O foco pode ser fortalecer os fios, estimular o crescimento, combater a queda ou melhorar o brilho e a textura.<\/p>\n\n\n\n<p>Diferente dos polivitam\u00ednicos gen\u00e9ricos, a <strong>vitamina manipulada para cabelo<\/strong> oferece:<\/p>\n\n\n\n<ul class=\"wp-block-list\">\n<li>Concentra\u00e7\u00e3o ideal de ativos<br><\/li>\n\n\n\n<li>F\u00f3rmulas ajustadas ao tipo de cabelo e hist\u00f3rico cl\u00ednico<br><\/li>\n\n\n\n<li>Possibilidade de incluir compostos antioxidantes, anti-inflamat\u00f3rios ou hormonais (quando necess\u00e1rio)<br><\/li>\n\n\n\n<li>Maior absor\u00e7\u00e3o e biodisponibilidade<br><\/li>\n<\/ul>\n\n\n\n<hr class=\"wp-block-separator has-alpha-channel-opacity\"\/>\n\n\n\n<h2 class=\"wp-block-heading\"><strong>Principais Ativos nas F\u00f3rmulas Manipuladas<\/strong><\/h2>\n\n\n\n<p>Entre os ingredientes mais comuns em f\u00f3rmulas eficazes, est\u00e3o:<\/p>\n\n\n\n<ul class=\"wp-block-list\">\n<li><strong>Biotina (Vitamina B7)<\/strong>: estimula o crescimento dos fios e fortalece as unhas<br><\/li>\n\n\n\n<li><strong>Pantotenato de c\u00e1lcio (Vitamina B5)<\/strong>: reduz queda e melhora a hidrata\u00e7\u00e3o dos fios<br><\/li>\n\n\n\n<li><strong>Sil\u00edcio Org\u00e2nico<\/strong>: atua na renova\u00e7\u00e3o celular do couro cabeludo<br><\/li>\n\n\n\n<li><strong>Metilsulfonilmetano (MSM)<\/strong>: fortalece a queratina<br><\/li>\n\n\n\n<li><strong>Zinco e Cobre<\/strong>: essenciais para a produ\u00e7\u00e3o de col\u00e1geno e crescimento capilar<br><\/li>\n\n\n\n<li><strong>PABA (\u00e1cido para-aminobenzoico)<\/strong>: protege contra os fios grisalhos precoces<br><\/li>\n\n\n\n<li><strong>L-Cistina e L-Metionina<\/strong>: amino\u00e1cidos que comp\u00f5em a estrutura dos fios<br><\/li>\n<\/ul>\n\n\n\n<p>Esses nutrientes agem em sinergia para garantir que o bulbo capilar receba o suporte necess\u00e1rio para produzir fios saud\u00e1veis e resistentes.<\/p>\n\n\n\n<hr class=\"wp-block-separator has-alpha-channel-opacity\"\/>\n\n\n\n<h2 class=\"wp-block-heading\"><strong>Quem Deve Usar a Vitamina Manipulada para Cabelo?<\/strong><\/h2>\n\n\n\n<p>A indica\u00e7\u00e3o \u00e9 bastante ampla:<\/p>\n\n\n\n<ul class=\"wp-block-list\">\n<li>Pessoas com <strong>queda acentuada<\/strong> (alopecia androgen\u00e9tica, efl\u00favio tel\u00f3geno, etc.)<br><\/li>\n\n\n\n<li>Homens e mulheres em fase de <strong>reposi\u00e7\u00e3o hormonal<\/strong><strong><br><\/strong><\/li>\n\n\n\n<li>Indiv\u00edduos com hist\u00f3rico de <strong>dietas restritivas ou bari\u00e1tricas<\/strong><strong><br><\/strong><\/li>\n\n\n\n<li>Casos de <strong>cabelos fracos p\u00f3s-procedimentos qu\u00edmicos<\/strong><strong><br><\/strong><\/li>\n\n\n\n<li>Pacientes com <strong>doen\u00e7as autoimunes que afetam os fios<\/strong><strong><br><\/strong><\/li>\n<\/ul>\n\n\n\n<p>A <a href=\"https:\/\/www.biofase.com.br\/top-10-melhores-medicamentos-manipulados-para-deixar-cabelo-macio\"><strong>vitamina manipulada para cabelo<\/strong><\/a> tamb\u00e9m pode ser utilizada de forma preventiva, em ciclos peri\u00f3dicos para manuten\u00e7\u00e3o da sa\u00fade dos fios.<\/p>\n\n\n\n<hr class=\"wp-block-separator has-alpha-channel-opacity\"\/>\n\n\n\n<h2 class=\"wp-block-heading\"><strong>O Papel da Farm\u00e1cia de Manipula\u00e7\u00e3o na Efic\u00e1cia do Tratamento<\/strong><\/h2>\n\n\n\n<p>\u00c9 essencial contar com farm\u00e1cias especializadas, que trabalhem com controle de qualidade rigoroso e ativos de alta pureza. Um bom exemplo \u00e9 a<a href=\"https:\/\/www.biofase.com.br\/\"> Biofase<\/a>, que oferece solu\u00e7\u00f5es manipuladas com rastreabilidade, f\u00f3rmulas exclusivas e acompanhamento profissional t\u00e9cnico.<\/p>\n\n\n\n<p>Na<a href=\"https:\/\/www.biofase.com.br\/\"> Biofase<\/a>, \u00e9 poss\u00edvel encontrar produtos como os indicados neste<a href=\"https:\/\/www.biofase.com.br\/top-10-melhores-medicamentos-manipulados-para-deixar-cabelo-macio\"> ranking de manipulados para cabelo macio<\/a>, que combinam ci\u00eancia, inova\u00e7\u00e3o e resultados reais. Tudo com seguran\u00e7a e orienta\u00e7\u00e3o individual.<\/p>\n\n\n\n<hr class=\"wp-block-separator has-alpha-channel-opacity\"\/>\n\n\n\n<h2 class=\"wp-block-heading\"><strong>Benef\u00edcios de Investir em F\u00f3rmulas Personalizadas<\/strong><\/h2>\n\n\n\n<p>\u2714 Resultados mais r\u00e1pidos e vis\u00edveis<br>\u2714 Redu\u00e7\u00e3o da queda e aumento do volume<br>\u2714 Fios mais brilhantes, macios e encorpados<br>\u2714 Tratamento focado na <strong>causa<\/strong> do problema, e n\u00e3o apenas nos sintomas<br>\u2714 Redu\u00e7\u00e3o de gastos com cosm\u00e9ticos ineficazes<\/p>\n\n\n\n<hr class=\"wp-block-separator has-alpha-channel-opacity\"\/>\n\n\n\n<h2 class=\"wp-block-heading\"><strong>Como Tomar a Vitamina Manipulada para Cabelo?<\/strong><\/h2>\n\n\n\n<p>A posologia varia conforme os ativos e a recomenda\u00e7\u00e3o profissional. Em geral, o uso \u00e9 di\u00e1rio, com dura\u00e7\u00e3o de 60 a 120 dias, respeitando o ciclo capilar.<\/p>\n\n\n\n<p>\u00c9 essencial manter o uso cont\u00ednuo, evitar o consumo de subst\u00e2ncias que inibem a absor\u00e7\u00e3o (como cafe\u00edna em excesso), e realizar avalia\u00e7\u00f5es regulares com o profissional que prescreveu a f\u00f3rmula.<\/p>\n\n\n\n<hr class=\"wp-block-separator has-alpha-channel-opacity\"\/>\n\n\n\n<h2 class=\"wp-block-heading\"><strong>Combina\u00e7\u00f5es Estrat\u00e9gicas com Outros Suplementos<\/strong><\/h2>\n\n\n\n<p>Al\u00e9m da <a href=\"https:\/\/www.biofase.com.br\/top-10-melhores-medicamentos-manipulados-para-deixar-cabelo-macio\"><strong>vitamina manipulada para cabelo<\/strong><\/a>, pode-se associar:<\/p>\n\n\n\n<ul class=\"wp-block-list\">\n<li><strong>Col\u00e1geno tipo 1 e 3<\/strong><strong><br><\/strong><\/li>\n\n\n\n<li><strong>\u00d4mega 3 de alta concentra\u00e7\u00e3o<\/strong><strong><br><\/strong><\/li>\n\n\n\n<li><strong>Antioxidantes como a astaxantina e a vitamina E<\/strong><strong><br><\/strong><\/li>\n\n\n\n<li><strong>Floral para equil\u00edbrio emocional<\/strong>, \u00fatil em casos de queda por estresse<br><\/li>\n<\/ul>\n\n\n\n<p>A integra\u00e7\u00e3o dessas subst\u00e2ncias potencializa os efeitos da f\u00f3rmula principal e contribui para o bem-estar como um todo.<\/p>\n\n\n\n<hr class=\"wp-block-separator has-alpha-channel-opacity\"\/>\n\n\n\n<h2 class=\"wp-block-heading\"><strong>O Que Dizem os Estudos Recentes?<\/strong><\/h2>\n\n\n\n<p>Estudos publicados em revistas como <em>Dermatology and Therapy<\/em> mostram que a suplementa\u00e7\u00e3o personalizada, aliada ao diagn\u00f3stico correto, \u00e9 uma das abordagens mais eficazes para o tratamento da alopecia.<\/p>\n\n\n\n<p>Al\u00e9m disso, publica\u00e7\u00f5es da<a href=\"https:\/\/pt.wikipedia.org\/wiki\/Queda_de_cabelo\"> Wikipedia<\/a> refor\u00e7am a import\u00e2ncia de nutrientes como biotina, zinco e sil\u00edcio no crescimento capilar.<\/p>\n\n\n\n<p>Um recente artigo da Forbes destacou o crescimento do setor de nutricosm\u00e9ticos e o papel dos tratamentos sob medida na valoriza\u00e7\u00e3o da sa\u00fade capilar.<\/p>\n\n\n\n<hr class=\"wp-block-separator has-alpha-channel-opacity\"\/>\n\n\n\n<h2 class=\"wp-block-heading\"><strong>Onde Comprar com Seguran\u00e7a?<\/strong><\/h2>\n\n\n\n<p>A escolha da farm\u00e1cia \u00e9 determinante para os resultados. Priorize estabelecimentos com:<\/p>\n\n\n\n<ul class=\"wp-block-list\">\n<li>Certifica\u00e7\u00e3o da Anvisa<br><\/li>\n\n\n\n<li>Laudo de pureza dos ativos<br><\/li>\n\n\n\n<li>Atendimento t\u00e9cnico individualizado<br><\/li>\n\n\n\n<li>Hist\u00f3rico confi\u00e1vel no mercado<br><\/li>\n<\/ul>\n\n\n\n<p>Se busca tudo isso aliado \u00e0 conveni\u00eancia e seguran\u00e7a, a<a href=\"https:\/\/www.biofase.com.br\/\"> Biofase<\/a> oferece solu\u00e7\u00f5es completas, incluindo<a href=\"https:\/\/www.biofase.com.br\/top-10-melhores-medicamentos-manipulados-para-deixar-cabelo-macio\"> vitamina manipulada para cabelo<\/a>, com entrega para todo o Brasil e suporte t\u00e9cnico especializado.<\/p>\n\n\n\n<hr class=\"wp-block-separator has-alpha-channel-opacity\"\/>\n\n\n\n<h2 class=\"wp-block-heading\"><strong>Considera\u00e7\u00f5es Finais: Vale a Pena Investir em Vitamina Manipulada para Cabelo?<\/strong><\/h2>\n\n\n\n<p>Se voc\u00ea procura um tratamento com resultados reais, seguran\u00e7a comprovada e personaliza\u00e7\u00e3o, a <a href=\"https:\/\/www.biofase.com.br\/top-10-melhores-medicamentos-manipulados-para-deixar-cabelo-macio\"><strong>vitamina manipulada para cabelo<\/strong><\/a> \u00e9 uma das op\u00e7\u00f5es mais indicadas. Ela atua na raiz do problema, fortalece os fios de dentro para fora e oferece benef\u00edcios duradouros.<\/p>\n\n\n\n<p>Com o suporte de uma farm\u00e1cia de confian\u00e7a como a Biofase, voc\u00ea transforma a sa\u00fade dos seus cabelos com ci\u00eancia, praticidade e beleza.<\/p>\n","protected":false},"excerpt":{"rendered":"<p>Cabelos enfraquecidos, sem brilho e com queda constante s\u00e3o queixas comuns, especialmente entre quem passa por rotinas estressantes ou altera\u00e7\u00f5es hormonais. Nesse cen\u00e1rio, a vitamina manipulada para cabelo surge como [&hellip;]<\/p>\n","protected":false},"author":1,"featured_media":79,"comment_status":"open","ping_status":"open","sticky":false,"template":"","format":"standard","meta":{"footnotes":""},"categories":[4],"tags":[],"class_list":["post-78","post","type-post","status-publish","format-standard","has-post-thumbnail","hentry","category-news"],"_links":{"self":[{"href":"https:\/\/musicaxd.com.es\/index.php\/wp-json\/wp\/v2\/posts\/78","targetHints":{"allow":["GET"]}}],"collection":[{"href":"https:\/\/musicaxd.com.es\/index.php\/wp-json\/wp\/v2\/posts"}],"about":[{"href":"https:\/\/musicaxd.com.es\/index.php\/wp-json\/wp\/v2\/types\/post"}],"author":[{"embeddable":true,"href":"https:\/\/musicaxd.com.es\/index.php\/wp-json\/wp\/v2\/users\/1"}],"replies":[{"embeddable":true,"href":"https:\/\/musicaxd.com.es\/index.php\/wp-json\/wp\/v2\/comments?post=78"}],"version-history":[{"count":1,"href":"https:\/\/musicaxd.com.es\/index.php\/wp-json\/wp\/v2\/posts\/78\/revisions"}],"predecessor-version":[{"id":80,"href":"https:\/\/musicaxd.com.es\/index.php\/wp-json\/wp\/v2\/posts\/78\/revisions\/80"}],"wp:featuredmedia":[{"embeddable":true,"href":"https:\/\/musicaxd.com.es\/index.php\/wp-json\/wp\/v2\/media\/79"}],"wp:attachment":[{"href":"https:\/\/musicaxd.com.es\/index.php\/wp-json\/wp\/v2\/media?parent=78"}],"wp:term":[{"taxonomy":"category","embeddable":true,"href":"https:\/\/musicaxd.com.es\/index.php\/wp-json\/wp\/v2\/categories?post=78"},{"taxonomy":"post_tag","embeddable":true,"href":"https:\/\/musicaxd.com.es\/index.php\/wp-json\/wp\/v2\/tags?post=78"}],"curies":[{"name":"wp","href":"https:\/\/api.w.org\/{rel}","templated":true}]}}