{"id":81,"date":"2025-06-01T17:12:21","date_gmt":"2025-06-01T17:12:21","guid":{"rendered":"https:\/\/musicaxd.com.es\/?p=81"},"modified":"2025-06-26T17:17:20","modified_gmt":"2025-06-26T17:17:20","slug":"vidro-de-balcao-o-elemento-essencial-para-vitrines-modernas-organizadas-e-funcionais","status":"publish","type":"post","link":"https:\/\/musicaxd.com.es\/index.php\/2025\/06\/01\/vidro-de-balcao-o-elemento-essencial-para-vitrines-modernas-organizadas-e-funcionais\/","title":{"rendered":"Vidro de balc\u00e3o: o elemento essencial para vitrines modernas, organizadas e funcionais"},"content":{"rendered":"\n<p>Em um ambiente comercial, a forma como os produtos s\u00e3o apresentados influencia diretamente o comportamento do consumidor. Vitrines, expositores e balc\u00f5es s\u00e3o mais do que m\u00f3veis \u2014 s\u00e3o recursos estrat\u00e9gicos de comunica\u00e7\u00e3o visual. E dentro dessa composi\u00e7\u00e3o, o <a href=\"https:\/\/artcomvidros.com.br\/balcoes\/modulados\/\"><strong>vidro de balc\u00e3o<\/strong><\/a> se destaca como uma pe\u00e7a-chave para valorizar mercadorias, organizar o espa\u00e7o e transmitir profissionalismo.<\/p>\n\n\n\n<p>Seja em lojas de moda, eletr\u00f4nicos, joias, cosm\u00e9ticos ou papelarias, o <strong>vidro de balc\u00e3o<\/strong> \u00e9 indispens\u00e1vel para garantir clareza na exposi\u00e7\u00e3o dos itens, seguran\u00e7a no manuseio e eleg\u00e2ncia no visual da loja.<\/p>\n\n\n\n<p>Neste artigo, voc\u00ea entender\u00e1 a import\u00e2ncia desse componente, seus tipos, vantagens, cuidados e onde encontrar as melhores solu\u00e7\u00f5es modulares \u2014 como os modelos dispon\u00edveis na<a href=\"https:\/\/artcomvidros.com.br\/\"> ArtCom Vidros<\/a>.<\/p>\n\n\n\n<hr class=\"wp-block-separator has-alpha-channel-opacity\"\/>\n\n\n\n<h2 class=\"wp-block-heading\"><strong>O que \u00e9 o vidro de balc\u00e3o?<\/strong><\/h2>\n\n\n\n<p>O<a href=\"https:\/\/artcomvidros.com.br\/balcoes\/modulados\/\"> <strong>vidro de balc\u00e3o<\/strong><\/a> \u00e9 a superf\u00edcie transparente utilizada na parte superior e\/ou nas laterais de balc\u00f5es expositores. Ele permite que os produtos fiquem vis\u00edveis ao p\u00fablico, ao mesmo tempo em que est\u00e3o protegidos contra contato direto, poeira ou quedas.<\/p>\n\n\n\n<p>Geralmente fabricado com vidro temperado ou laminado, esse material \u00e9 resistente, seguro e ideal para \u00e1reas de alto tr\u00e1fego. O seu uso n\u00e3o se limita apenas a vitrines \u2014 ele tamb\u00e9m \u00e9 comum em balc\u00f5es de atendimento, recep\u00e7\u00e3o, caixas e espa\u00e7os promocionais.<\/p>\n\n\n\n<hr class=\"wp-block-separator has-alpha-channel-opacity\"\/>\n\n\n\n<h2 class=\"wp-block-heading\"><strong>Benef\u00edcios do uso do vidro de balc\u00e3o<\/strong><\/h2>\n\n\n\n<p>O<a href=\"https:\/\/artcomvidros.com.br\/balcoes\/modulados\/\"> <strong>vidro de balc\u00e3o<\/strong><\/a> agrega in\u00fameras vantagens para a opera\u00e7\u00e3o e est\u00e9tica do ambiente comercial:<\/p>\n\n\n\n<ul class=\"wp-block-list\">\n<li><strong>Exposi\u00e7\u00e3o valorizada<\/strong>: A transpar\u00eancia do vidro destaca cores, texturas e detalhes dos produtos.<br><\/li>\n\n\n\n<li><strong>Prote\u00e7\u00e3o sem perder visibilidade<\/strong>: Itens sens\u00edveis ficam seguros, mas \u00e0 vista do cliente.<br><\/li>\n\n\n\n<li><strong>Durabilidade<\/strong>: Vidros temperados s\u00e3o resistentes a impacto e ao desgaste do dia a dia.<br><\/li>\n\n\n\n<li><strong>Facilidade de limpeza<\/strong>: Basta um pano \u00famido e sab\u00e3o neutro para manter a est\u00e9tica impec\u00e1vel.<br><\/li>\n\n\n\n<li><strong>Est\u00e9tica profissional<\/strong>: Transmite confian\u00e7a, organiza\u00e7\u00e3o e bom gosto.<br><\/li>\n<\/ul>\n\n\n\n<hr class=\"wp-block-separator has-alpha-channel-opacity\"\/>\n\n\n\n<h2 class=\"wp-block-heading\"><strong>Tipos de vidro utilizados em balc\u00f5es<\/strong><\/h2>\n\n\n\n<p>Na hora de escolher o<a href=\"https:\/\/artcomvidros.com.br\/balcoes\/modulados\/\"> <strong>vidro de balc\u00e3o<\/strong><\/a>, \u00e9 importante conhecer os principais tipos dispon\u00edveis no mercado:<\/p>\n\n\n\n<ul class=\"wp-block-list\">\n<li><strong>Vidro temperado<\/strong>: Alta resist\u00eancia t\u00e9rmica e mec\u00e2nica, ideal para locais com grande circula\u00e7\u00e3o.<br><\/li>\n\n\n\n<li><strong>Vidro laminado<\/strong>: Composto por duas ou mais l\u00e2minas unidas por filme pl\u00e1stico, oferece seguran\u00e7a extra.<br><\/li>\n\n\n\n<li><strong>Vidro serigrafado ou jateado<\/strong>: Op\u00e7\u00e3o decorativa, usada para \u00e1reas espec\u00edficas de privacidade.<br><\/li>\n\n\n\n<li><strong>Vidro incolor ou extra clear<\/strong>: Ideal para m\u00e1xima transpar\u00eancia e realce dos produtos expostos.<br><\/li>\n<\/ul>\n\n\n\n<hr class=\"wp-block-separator has-alpha-channel-opacity\"\/>\n\n\n\n<h2 class=\"wp-block-heading\"><strong>Aplica\u00e7\u00f5es pr\u00e1ticas do vidro de balc\u00e3o no com\u00e9rcio<\/strong><\/h2>\n\n\n\n<p>O<a href=\"https:\/\/artcomvidros.com.br\/balcoes\/modulados\/\"> <strong>vidro de balc\u00e3o<\/strong><\/a> pode ser utilizado de diversas formas em ambientes comerciais:<\/p>\n\n\n\n<ul class=\"wp-block-list\">\n<li><strong>Balc\u00e3o de atendimento<\/strong>: Com tampo de vidro para prote\u00e7\u00e3o e apoio.<br><\/li>\n\n\n\n<li><strong>Balc\u00e3o vitrine<\/strong>: Ideal para joias, eletr\u00f4nicos, \u00f3culos e cosm\u00e9ticos.<br><\/li>\n\n\n\n<li><strong>Balc\u00e3o de servi\u00e7os<\/strong>: Usado em recep\u00e7\u00f5es, cl\u00ednicas, escrit\u00f3rios e shoppings.<br><\/li>\n\n\n\n<li><strong>Balc\u00e3o de exposi\u00e7\u00e3o rotativa<\/strong>: Vidro em vitrines girat\u00f3rias ou modulares.<br><\/li>\n<\/ul>\n\n\n\n<p>Em todos os casos, o uso correto desse componente aumenta a percep\u00e7\u00e3o de valor do produto, melhora a organiza\u00e7\u00e3o e facilita a intera\u00e7\u00e3o com o cliente.<\/p>\n\n\n\n<hr class=\"wp-block-separator has-alpha-channel-opacity\"\/>\n\n\n\n<h2 class=\"wp-block-heading\"><strong>Cuidados e manuten\u00e7\u00e3o<\/strong><\/h2>\n\n\n\n<p>Embora seja resistente, o<a href=\"https:\/\/artcomvidros.com.br\/balcoes\/modulados\/\"> <strong>vidro de balc\u00e3o<\/strong><\/a> exige cuidados b\u00e1sicos para manter seu brilho e integridade:<\/p>\n\n\n\n<ul class=\"wp-block-list\">\n<li><strong>Limpeza regular com pano macio e \u00e1lcool<\/strong>: Evita manchas e marcas de dedos.<br><\/li>\n\n\n\n<li><strong>Evite impacto com objetos met\u00e1licos ou pontiagudos<\/strong>.<br><\/li>\n\n\n\n<li><strong>N\u00e3o sobrecarregue com peso excessivo<\/strong>: Mesmo sendo temperado, o vidro tem limite de suporte.<br><\/li>\n\n\n\n<li><strong>Verifique regularmente a fixa\u00e7\u00e3o e as estruturas met\u00e1licas<\/strong>.<br><\/li>\n<\/ul>\n\n\n\n<hr class=\"wp-block-separator has-alpha-channel-opacity\"\/>\n\n\n\n<h2 class=\"wp-block-heading\"><strong>Como escolher o vidro ideal para o seu balc\u00e3o?<\/strong><\/h2>\n\n\n\n<p>Antes de definir qual<a href=\"https:\/\/artcomvidros.com.br\/balcoes\/modulados\/\"> <strong>vidro de balc\u00e3o<\/strong><\/a> utilizar, leve em considera\u00e7\u00e3o:<\/p>\n\n\n\n<ul class=\"wp-block-list\">\n<li><strong>Tipo de produto a ser exposto<\/strong>: quanto mais valioso ou detalhado, mais transpar\u00eancia e seguran\u00e7a s\u00e3o exigidas.<br><\/li>\n\n\n\n<li><strong>Fluxo da loja<\/strong>: ambientes com muito p\u00fablico precisam de materiais mais resistentes.<br><\/li>\n\n\n\n<li><strong>Est\u00e9tica desejada<\/strong>: vidro fum\u00ea, leitoso ou extra clear mudam o visual final.<br><\/li>\n\n\n\n<li><strong>Altura e dimens\u00e3o do balc\u00e3o<\/strong>: influencia no tipo de estrutura e espessura do vidro.<br><\/li>\n<\/ul>\n\n\n\n<hr class=\"wp-block-separator has-alpha-channel-opacity\"\/>\n\n\n\n<h2 class=\"wp-block-heading\"><strong>Onde encontrar vidro de balc\u00e3o com qualidade e seguran\u00e7a?<\/strong><\/h2>\n\n\n\n<p>Se voc\u00ea procura por um<a href=\"https:\/\/artcomvidros.com.br\/balcoes\/modulados\/\"> <strong>vidro de balc\u00e3o<\/strong><\/a> que alie resist\u00eancia, beleza e \u00f3timo custo-benef\u00edcio, a ArtCom Vidros \u00e9 refer\u00eancia nacional em solu\u00e7\u00f5es de mobili\u00e1rio comercial.<\/p>\n\n\n\n<p>A empresa oferece:<\/p>\n\n\n\n<ul class=\"wp-block-list\">\n<li>Vidros temperados com diversos acabamentos.<br><\/li>\n\n\n\n<li>Estruturas modulares que facilitam instala\u00e7\u00e3o e adapta\u00e7\u00e3o.<br><\/li>\n\n\n\n<li>Atendimento t\u00e9cnico e personalizado.<br><\/li>\n\n\n\n<li>Op\u00e7\u00f5es sob medida para todos os tipos de loja.<br><\/li>\n<\/ul>\n\n\n\n<hr class=\"wp-block-separator has-alpha-channel-opacity\"\/>\n\n\n\n<h2 class=\"wp-block-heading\"><strong>Conclus\u00e3o: o vidro que transforma sua vitrine em experi\u00eancia<\/strong><\/h2>\n\n\n\n<p>O <strong>vidro de balc\u00e3o<\/strong> \u00e9 um daqueles detalhes que fazem uma diferen\u00e7a enorme. Ele n\u00e3o apenas protege seus produtos \u2014 ele os apresenta, valoriza e comunica profissionalismo. Um balc\u00e3o mal cuidado pode afastar o cliente. Um balc\u00e3o bem montado, com vidro limpo e exposi\u00e7\u00e3o estrat\u00e9gica, aproxima, encanta e vende.<\/p>\n\n\n\n<p>Se voc\u00ea est\u00e1 reformando sua loja ou abrindo um novo neg\u00f3cio, considere o<a href=\"https:\/\/artcomvidros.com.br\/balcoes\/modulados\/\"> vidro de balc\u00e3o da ArtCom Vidros<\/a> como parte central do seu planejamento de layout. Seu produto merece essa vitrine. Seu cliente tamb\u00e9m.<\/p>\n\n\n\n<hr class=\"wp-block-separator has-alpha-channel-opacity\"\/>\n\n\n\n<h2 class=\"wp-block-heading\"><strong>Leitura complementar<\/strong><\/h2>\n\n\n\n<ul class=\"wp-block-list\">\n<li><a href=\"https:\/\/pt.wikipedia.org\/wiki\/Vitrine\">Wikipedia \u2013 Vitrines comerciais<br><\/a><\/li>\n\n\n\n<li><a href=\"https:\/\/sebrae.com.br\">Sebrae \u2013 Dicas de layout para pontos de venda<br><\/a><\/li>\n\n\n\n<li><a href=\"https:\/\/endeavor.org.br\">Endeavor \u2013 Experi\u00eancia e percep\u00e7\u00e3o de valor no varejo<br><\/a><\/li>\n<\/ul>\n\n\n\n<hr class=\"wp-block-separator has-alpha-channel-opacity\"\/>\n\n\n\n<p><strong>Todos os direitos reservados \u00e0<\/strong><a href=\"https:\/\/artcomvidros.com.br\/\"><strong> <\/strong><strong>ArtCom Vidros<\/strong><\/a>.<\/p>\n","protected":false},"excerpt":{"rendered":"<p>Em um ambiente comercial, a forma como os produtos s\u00e3o apresentados influencia diretamente o comportamento do consumidor. Vitrines, expositores e balc\u00f5es s\u00e3o mais do que m\u00f3veis \u2014 s\u00e3o recursos estrat\u00e9gicos [&hellip;]<\/p>\n","protected":false},"author":1,"featured_media":82,"comment_status":"open","ping_status":"open","sticky":false,"template":"","format":"standard","meta":{"footnotes":""},"categories":[4],"tags":[],"class_list":["post-81","post","type-post","status-publish","format-standard","has-post-thumbnail","hentry","category-news"],"_links":{"self":[{"href":"https:\/\/musicaxd.com.es\/index.php\/wp-json\/wp\/v2\/posts\/81","targetHints":{"allow":["GET"]}}],"collection":[{"href":"https:\/\/musicaxd.com.es\/index.php\/wp-json\/wp\/v2\/posts"}],"about":[{"href":"https:\/\/musicaxd.com.es\/index.php\/wp-json\/wp\/v2\/types\/post"}],"author":[{"embeddable":true,"href":"https:\/\/musicaxd.com.es\/index.php\/wp-json\/wp\/v2\/users\/1"}],"replies":[{"embeddable":true,"href":"https:\/\/musicaxd.com.es\/index.php\/wp-json\/wp\/v2\/comments?post=81"}],"version-history":[{"count":1,"href":"https:\/\/musicaxd.com.es\/index.php\/wp-json\/wp\/v2\/posts\/81\/revisions"}],"predecessor-version":[{"id":83,"href":"https:\/\/musicaxd.com.es\/index.php\/wp-json\/wp\/v2\/posts\/81\/revisions\/83"}],"wp:featuredmedia":[{"embeddable":true,"href":"https:\/\/musicaxd.com.es\/index.php\/wp-json\/wp\/v2\/media\/82"}],"wp:attachment":[{"href":"https:\/\/musicaxd.com.es\/index.php\/wp-json\/wp\/v2\/media?parent=81"}],"wp:term":[{"taxonomy":"category","embeddable":true,"href":"https:\/\/musicaxd.com.es\/index.php\/wp-json\/wp\/v2\/categories?post=81"},{"taxonomy":"post_tag","embeddable":true,"href":"https:\/\/musicaxd.com.es\/index.php\/wp-json\/wp\/v2\/tags?post=81"}],"curies":[{"name":"wp","href":"https:\/\/api.w.org\/{rel}","templated":true}]}}